{"id":10926,"date":"2020-10-14T15:59:25","date_gmt":"2020-10-14T13:59:25","guid":{"rendered":"https:\/\/www.llobetregals.com\/2020\/10\/14\/territorio-sabor-y-tradicion-butifarra-confitada-y-bisbe-del-celler-de-alven\/"},"modified":"2020-10-15T12:33:12","modified_gmt":"2020-10-15T10:33:12","slug":"territorio-sabor-y-tradicion-butifarra-confitada-y-bisbe-del-celler-de-alven","status":"publish","type":"post","link":"https:\/\/www.llobetregals.com\/es\/territorio-sabor-y-tradicion-butifarra-confitada-y-bisbe-del-celler-de-alven\/","title":{"rendered":"Territorio, sabor y tradici\u00f3n: butifarra confitada y &#8216;bull&#8217; blanco del &#8216;Celler&#8217; de Alven"},"content":{"rendered":"<p>[vc_row][vc_column][vc_column_text]<\/p>\n<p>Dos de los productos destacados de las cestas de Llobet Regalos son el <strong>Bisbe del Celler Masia Sanmiquel<\/strong> y la <strong>Butifarra Confitada<\/strong>, elaborados por <strong><a href=\"http:\/\/alven.cat\/\">Alven<\/a>, la marca de embutidos y elaborados artesanales de Grupo Llobet<\/strong>, y que fueron recuperados con la colaboraci\u00f3n de la <a href=\"http:\/\/www.alicia.cat\/es\/\">Fundaci\u00f3n Alicia<\/a>.<\/p>\n<p>Por eso, regalar estos productos hechos a partir de f\u00f3rmulas ancestrales, es igual a regalar buen gusto, territorio e historia. Alven ha trabajado duro para obtener unos productos muy bajos en cargas aditivas. En el caso de la <strong>Butifarra Confitada contiene cero aditivos<\/strong>.<\/p>\n<p>Para la elaboraci\u00f3n de nuestro <strong>Bisbe del Celler se siguen procesos tecnol\u00f3gicos avanzados<\/strong>, que se activan justo en el momento de la fermentaci\u00f3n y que son funcionales durante todo su largo proceso de secado, dotando al producto de seguridad alimentaria, aroma intenso, buena textura y color natural. Para conseguir la butifarra confitada, Alven trabaja con una mezcla de carnes nobles; se trata de una butifarra sin ning\u00fan aditivo y puesta en conserva con aceite de oliva. Se cuece y se esteriliza, para garantizar una vida \u00fatil muy larga y conservaci\u00f3n sin temperatura de refrigeraci\u00f3n.<\/p>\n<p>Estos dos productos se sumar\u00e1n al gran proyecto que tiene Manresa con motivo de la conmemoraci\u00f3n, en el a\u00f1o 2022, de los 500 a\u00f1os de la estancia de Ignacio de Loyola en la capital del Bages.<\/p>\n<p>[\/vc_column_text]        <link rel=\"stylesheet\" href=\"https:\/\/www.llobetregals.com\/wp-content\/themes\/xstore\/css\/modules\/woocommerce\/global.min.css?ver=0.0.1\" type=\"text\/css\" media=\"all\" \/> \t\t        <link rel=\"stylesheet\" href=\"https:\/\/www.llobetregals.com\/wp-content\/themes\/xstore\/css\/modules\/woocommerce\/archive.min.css?ver=0.0.1\" type=\"text\/css\" media=\"all\" \/> \t\t<div class=\"etheme_products etheme_products-r685 \" ><\/div>[\/vc_column][\/vc_row]<\/p>\n","protected":false},"excerpt":{"rendered":"<p>Dos de los productos destacados de las cestas de Llobet Regals son el Bisbe del Celler Masia Sanmiquel y la Botifarra Confitada, elaborados por ALVEN, la marca de embutidos y elaborados artesanales de Grupo Llobet, y que fueron recuperados con la colaboraci\u00f3n de la Fundaci\u00f3n Alicia.<\/p>\n","protected":false},"author":1,"featured_media":10648,"comment_status":"closed","ping_status":"closed","sticky":false,"template":"","format":"standard","meta":{"om_disable_all_campaigns":false,"_joinchat":[],"footnotes":""},"categories":[51,223],"tags":[209,205,203,208,202,201,206,200,199,211,204,207,210],"class_list":["post-10926","post","type-post","status-publish","format-standard","has-post-thumbnail","hentry","category-sin-categorizar","category-tendencias","tag-alimentacion","tag-alven-es","tag-bienestar","tag-calidad","tag-cesta","tag-cestas","tag-embutido","tag-lotes-es","tag-navidad-es","tag-proximidad","tag-salud","tag-saludable-es","tag-territorio"],"acf":[],"yoast_head":"<!-- This site is optimized with the Yoast SEO plugin v27.3 - https:\/\/yoast.com\/product\/yoast-seo-wordpress\/ -->\n<title>Territorio, sabor y tradici\u00f3n: butifarra confitada y &#039;bull&#039; blanco del &#039;Celler&#039; de Alven - Llobet Regals<\/title>\n<meta name=\"robots\" content=\"index, follow, max-snippet:-1, max-image-preview:large, max-video-preview:-1\" \/>\n<link rel=\"canonical\" href=\"https:\/\/www.llobetregals.com\/botifarra-bisbe-celler-alven\/\" \/>\n<meta property=\"og:locale\" content=\"es_ES\" \/>\n<meta property=\"og:type\" content=\"article\" \/>\n<meta property=\"og:title\" content=\"Territorio, sabor y tradici\u00f3n: butifarra confitada y &#039;bull&#039; blanco del &#039;Celler&#039; de Alven - Llobet Regals\" \/>\n<meta property=\"og:description\" content=\"Dos de los productos destacados de las cestas de Llobet Regals son el Bisbe del Celler Masia Sanmiquel y la Botifarra Confitada, elaborados por ALVEN, la marca de embutidos y elaborados artesanales de Grupo Llobet, y que fueron recuperados con la colaboraci\u00f3n de la Fundaci\u00f3n Alicia.\" \/>\n<meta property=\"og:url\" content=\"https:\/\/www.llobetregals.com\/botifarra-bisbe-celler-alven\/\" \/>\n<meta property=\"og:site_name\" content=\"Llobet Regals\" \/>\n<meta property=\"article:published_time\" content=\"2020-10-14T13:59:25+00:00\" \/>\n<meta property=\"article:modified_time\" content=\"2020-10-15T10:33:12+00:00\" \/>\n<meta property=\"og:image\" content=\"https:\/\/www.llobetregals.com\/wp-content\/uploads\/2019\/07\/Llobet_01_20184466-scaled.jpg\" \/>\n\t<meta property=\"og:image:width\" content=\"2560\" \/>\n\t<meta property=\"og:image:height\" content=\"1707\" \/>\n\t<meta property=\"og:image:type\" content=\"image\/jpeg\" \/>\n<meta name=\"author\" content=\"devel8\" \/>\n<meta name=\"twitter:card\" content=\"summary_large_image\" \/>\n<meta name=\"twitter:label1\" content=\"Escrito por\" \/>\n\t<meta name=\"twitter:data1\" content=\"devel8\" \/>\n\t<meta name=\"twitter:label2\" content=\"Tiempo de lectura\" \/>\n\t<meta name=\"twitter:data2\" content=\"1 minuto\" \/>\n<script type=\"application\/ld+json\" class=\"yoast-schema-graph\">{\"@context\":\"https:\\\/\\\/schema.org\",\"@graph\":[{\"@type\":\"Article\",\"@id\":\"https:\\\/\\\/www.llobetregals.com\\\/botifarra-bisbe-celler-alven\\\/#article\",\"isPartOf\":{\"@id\":\"https:\\\/\\\/www.llobetregals.com\\\/botifarra-bisbe-celler-alven\\\/\"},\"author\":{\"name\":\"devel8\",\"@id\":\"https:\\\/\\\/www.llobetregals.com\\\/#\\\/schema\\\/person\\\/dee1a312409428f0239d49641051d151\"},\"headline\":\"Territorio, sabor y tradici\u00f3n: butifarra confitada y &#8216;bull&#8217; blanco del &#8216;Celler&#8217; de Alven\",\"datePublished\":\"2020-10-14T13:59:25+00:00\",\"dateModified\":\"2020-10-15T10:33:12+00:00\",\"mainEntityOfPage\":{\"@id\":\"https:\\\/\\\/www.llobetregals.com\\\/botifarra-bisbe-celler-alven\\\/\"},\"wordCount\":264,\"image\":{\"@id\":\"https:\\\/\\\/www.llobetregals.com\\\/botifarra-bisbe-celler-alven\\\/#primaryimage\"},\"thumbnailUrl\":\"https:\\\/\\\/www.llobetregals.com\\\/wp-content\\\/uploads\\\/2019\\\/07\\\/Llobet_01_20184466-scaled.jpg\",\"keywords\":[\"alimentaci\u00f3n\",\"Alven\",\"bienestar\",\"calidad\",\"Cesta\",\"cestas\",\"embutido\",\"lotes\",\"Navidad\",\"proximidad\",\"salud\",\"saludable\",\"territorio\"],\"articleSection\":[\"Sin categorizar\",\"Tendencias\"],\"inLanguage\":\"es\"},{\"@type\":\"WebPage\",\"@id\":\"https:\\\/\\\/www.llobetregals.com\\\/botifarra-bisbe-celler-alven\\\/\",\"url\":\"https:\\\/\\\/www.llobetregals.com\\\/botifarra-bisbe-celler-alven\\\/\",\"name\":\"Territorio, sabor y tradici\u00f3n: butifarra confitada y 'bull' blanco del 'Celler' de Alven - Llobet Regals\",\"isPartOf\":{\"@id\":\"https:\\\/\\\/www.llobetregals.com\\\/#website\"},\"primaryImageOfPage\":{\"@id\":\"https:\\\/\\\/www.llobetregals.com\\\/botifarra-bisbe-celler-alven\\\/#primaryimage\"},\"image\":{\"@id\":\"https:\\\/\\\/www.llobetregals.com\\\/botifarra-bisbe-celler-alven\\\/#primaryimage\"},\"thumbnailUrl\":\"https:\\\/\\\/www.llobetregals.com\\\/wp-content\\\/uploads\\\/2019\\\/07\\\/Llobet_01_20184466-scaled.jpg\",\"datePublished\":\"2020-10-14T13:59:25+00:00\",\"dateModified\":\"2020-10-15T10:33:12+00:00\",\"author\":{\"@id\":\"https:\\\/\\\/www.llobetregals.com\\\/#\\\/schema\\\/person\\\/dee1a312409428f0239d49641051d151\"},\"breadcrumb\":{\"@id\":\"https:\\\/\\\/www.llobetregals.com\\\/botifarra-bisbe-celler-alven\\\/#breadcrumb\"},\"inLanguage\":\"es\",\"potentialAction\":[{\"@type\":\"ReadAction\",\"target\":[\"https:\\\/\\\/www.llobetregals.com\\\/botifarra-bisbe-celler-alven\\\/\"]}]},{\"@type\":\"ImageObject\",\"inLanguage\":\"es\",\"@id\":\"https:\\\/\\\/www.llobetregals.com\\\/botifarra-bisbe-celler-alven\\\/#primaryimage\",\"url\":\"https:\\\/\\\/www.llobetregals.com\\\/wp-content\\\/uploads\\\/2019\\\/07\\\/Llobet_01_20184466-scaled.jpg\",\"contentUrl\":\"https:\\\/\\\/www.llobetregals.com\\\/wp-content\\\/uploads\\\/2019\\\/07\\\/Llobet_01_20184466-scaled.jpg\",\"width\":2560,\"height\":1707},{\"@type\":\"BreadcrumbList\",\"@id\":\"https:\\\/\\\/www.llobetregals.com\\\/botifarra-bisbe-celler-alven\\\/#breadcrumb\",\"itemListElement\":[{\"@type\":\"ListItem\",\"position\":1,\"name\":\"Inici\",\"item\":\"https:\\\/\\\/www.llobetregals.com\\\/es\\\/\"},{\"@type\":\"ListItem\",\"position\":2,\"name\":\"Territorio, sabor y tradici\u00f3n: butifarra confitada y &#8216;bull&#8217; blanco del &#8216;Celler&#8217; de Alven\"}]},{\"@type\":\"WebSite\",\"@id\":\"https:\\\/\\\/www.llobetregals.com\\\/#website\",\"url\":\"https:\\\/\\\/www.llobetregals.com\\\/\",\"name\":\"Llobet Regals\",\"description\":\"Fem Lots Nadal des de fa m\u00e9s de 50 anys.\",\"potentialAction\":[{\"@type\":\"SearchAction\",\"target\":{\"@type\":\"EntryPoint\",\"urlTemplate\":\"https:\\\/\\\/www.llobetregals.com\\\/?s={search_term_string}\"},\"query-input\":{\"@type\":\"PropertyValueSpecification\",\"valueRequired\":true,\"valueName\":\"search_term_string\"}}],\"inLanguage\":\"es\"},{\"@type\":\"Person\",\"@id\":\"https:\\\/\\\/www.llobetregals.com\\\/#\\\/schema\\\/person\\\/dee1a312409428f0239d49641051d151\",\"name\":\"devel8\",\"image\":{\"@type\":\"ImageObject\",\"inLanguage\":\"es\",\"@id\":\"https:\\\/\\\/secure.gravatar.com\\\/avatar\\\/7e45c918c883a7dcabfa0e3c75c7583de026ffd4d22bd7a7392a3f832ad98ab0?s=96&d=mm&r=g\",\"url\":\"https:\\\/\\\/secure.gravatar.com\\\/avatar\\\/7e45c918c883a7dcabfa0e3c75c7583de026ffd4d22bd7a7392a3f832ad98ab0?s=96&d=mm&r=g\",\"contentUrl\":\"https:\\\/\\\/secure.gravatar.com\\\/avatar\\\/7e45c918c883a7dcabfa0e3c75c7583de026ffd4d22bd7a7392a3f832ad98ab0?s=96&d=mm&r=g\",\"caption\":\"devel8\"},\"sameAs\":[\"https:\\\/\\\/www.llobetregals.com\"],\"url\":\"https:\\\/\\\/www.llobetregals.com\\\/es\\\/author\\\/e2sadmin\\\/\"}]}<\/script>\n<!-- \/ Yoast SEO plugin. -->","yoast_head_json":{"title":"Territorio, sabor y tradici\u00f3n: butifarra confitada y 'bull' blanco del 'Celler' de Alven - Llobet Regals","robots":{"index":"index","follow":"follow","max-snippet":"max-snippet:-1","max-image-preview":"max-image-preview:large","max-video-preview":"max-video-preview:-1"},"canonical":"https:\/\/www.llobetregals.com\/botifarra-bisbe-celler-alven\/","og_locale":"es_ES","og_type":"article","og_title":"Territorio, sabor y tradici\u00f3n: butifarra confitada y 'bull' blanco del 'Celler' de Alven - Llobet Regals","og_description":"Dos de los productos destacados de las cestas de Llobet Regals son el Bisbe del Celler Masia Sanmiquel y la Botifarra Confitada, elaborados por ALVEN, la marca de embutidos y elaborados artesanales de Grupo Llobet, y que fueron recuperados con la colaboraci\u00f3n de la Fundaci\u00f3n Alicia.","og_url":"https:\/\/www.llobetregals.com\/botifarra-bisbe-celler-alven\/","og_site_name":"Llobet Regals","article_published_time":"2020-10-14T13:59:25+00:00","article_modified_time":"2020-10-15T10:33:12+00:00","og_image":[{"width":2560,"height":1707,"url":"https:\/\/www.llobetregals.com\/wp-content\/uploads\/2019\/07\/Llobet_01_20184466-scaled.jpg","type":"image\/jpeg"}],"author":"devel8","twitter_card":"summary_large_image","twitter_misc":{"Escrito por":"devel8","Tiempo de lectura":"1 minuto"},"schema":{"@context":"https:\/\/schema.org","@graph":[{"@type":"Article","@id":"https:\/\/www.llobetregals.com\/botifarra-bisbe-celler-alven\/#article","isPartOf":{"@id":"https:\/\/www.llobetregals.com\/botifarra-bisbe-celler-alven\/"},"author":{"name":"devel8","@id":"https:\/\/www.llobetregals.com\/#\/schema\/person\/dee1a312409428f0239d49641051d151"},"headline":"Territorio, sabor y tradici\u00f3n: butifarra confitada y &#8216;bull&#8217; blanco del &#8216;Celler&#8217; de Alven","datePublished":"2020-10-14T13:59:25+00:00","dateModified":"2020-10-15T10:33:12+00:00","mainEntityOfPage":{"@id":"https:\/\/www.llobetregals.com\/botifarra-bisbe-celler-alven\/"},"wordCount":264,"image":{"@id":"https:\/\/www.llobetregals.com\/botifarra-bisbe-celler-alven\/#primaryimage"},"thumbnailUrl":"https:\/\/www.llobetregals.com\/wp-content\/uploads\/2019\/07\/Llobet_01_20184466-scaled.jpg","keywords":["alimentaci\u00f3n","Alven","bienestar","calidad","Cesta","cestas","embutido","lotes","Navidad","proximidad","salud","saludable","territorio"],"articleSection":["Sin categorizar","Tendencias"],"inLanguage":"es"},{"@type":"WebPage","@id":"https:\/\/www.llobetregals.com\/botifarra-bisbe-celler-alven\/","url":"https:\/\/www.llobetregals.com\/botifarra-bisbe-celler-alven\/","name":"Territorio, sabor y tradici\u00f3n: butifarra confitada y 'bull' blanco del 'Celler' de Alven - Llobet Regals","isPartOf":{"@id":"https:\/\/www.llobetregals.com\/#website"},"primaryImageOfPage":{"@id":"https:\/\/www.llobetregals.com\/botifarra-bisbe-celler-alven\/#primaryimage"},"image":{"@id":"https:\/\/www.llobetregals.com\/botifarra-bisbe-celler-alven\/#primaryimage"},"thumbnailUrl":"https:\/\/www.llobetregals.com\/wp-content\/uploads\/2019\/07\/Llobet_01_20184466-scaled.jpg","datePublished":"2020-10-14T13:59:25+00:00","dateModified":"2020-10-15T10:33:12+00:00","author":{"@id":"https:\/\/www.llobetregals.com\/#\/schema\/person\/dee1a312409428f0239d49641051d151"},"breadcrumb":{"@id":"https:\/\/www.llobetregals.com\/botifarra-bisbe-celler-alven\/#breadcrumb"},"inLanguage":"es","potentialAction":[{"@type":"ReadAction","target":["https:\/\/www.llobetregals.com\/botifarra-bisbe-celler-alven\/"]}]},{"@type":"ImageObject","inLanguage":"es","@id":"https:\/\/www.llobetregals.com\/botifarra-bisbe-celler-alven\/#primaryimage","url":"https:\/\/www.llobetregals.com\/wp-content\/uploads\/2019\/07\/Llobet_01_20184466-scaled.jpg","contentUrl":"https:\/\/www.llobetregals.com\/wp-content\/uploads\/2019\/07\/Llobet_01_20184466-scaled.jpg","width":2560,"height":1707},{"@type":"BreadcrumbList","@id":"https:\/\/www.llobetregals.com\/botifarra-bisbe-celler-alven\/#breadcrumb","itemListElement":[{"@type":"ListItem","position":1,"name":"Inici","item":"https:\/\/www.llobetregals.com\/es\/"},{"@type":"ListItem","position":2,"name":"Territorio, sabor y tradici\u00f3n: butifarra confitada y &#8216;bull&#8217; blanco del &#8216;Celler&#8217; de Alven"}]},{"@type":"WebSite","@id":"https:\/\/www.llobetregals.com\/#website","url":"https:\/\/www.llobetregals.com\/","name":"Llobet Regals","description":"Fem Lots Nadal des de fa m\u00e9s de 50 anys.","potentialAction":[{"@type":"SearchAction","target":{"@type":"EntryPoint","urlTemplate":"https:\/\/www.llobetregals.com\/?s={search_term_string}"},"query-input":{"@type":"PropertyValueSpecification","valueRequired":true,"valueName":"search_term_string"}}],"inLanguage":"es"},{"@type":"Person","@id":"https:\/\/www.llobetregals.com\/#\/schema\/person\/dee1a312409428f0239d49641051d151","name":"devel8","image":{"@type":"ImageObject","inLanguage":"es","@id":"https:\/\/secure.gravatar.com\/avatar\/7e45c918c883a7dcabfa0e3c75c7583de026ffd4d22bd7a7392a3f832ad98ab0?s=96&d=mm&r=g","url":"https:\/\/secure.gravatar.com\/avatar\/7e45c918c883a7dcabfa0e3c75c7583de026ffd4d22bd7a7392a3f832ad98ab0?s=96&d=mm&r=g","contentUrl":"https:\/\/secure.gravatar.com\/avatar\/7e45c918c883a7dcabfa0e3c75c7583de026ffd4d22bd7a7392a3f832ad98ab0?s=96&d=mm&r=g","caption":"devel8"},"sameAs":["https:\/\/www.llobetregals.com"],"url":"https:\/\/www.llobetregals.com\/es\/author\/e2sadmin\/"}]}},"_links":{"self":[{"href":"https:\/\/www.llobetregals.com\/es\/wp-json\/wp\/v2\/posts\/10926","targetHints":{"allow":["GET"]}}],"collection":[{"href":"https:\/\/www.llobetregals.com\/es\/wp-json\/wp\/v2\/posts"}],"about":[{"href":"https:\/\/www.llobetregals.com\/es\/wp-json\/wp\/v2\/types\/post"}],"author":[{"embeddable":true,"href":"https:\/\/www.llobetregals.com\/es\/wp-json\/wp\/v2\/users\/1"}],"replies":[{"embeddable":true,"href":"https:\/\/www.llobetregals.com\/es\/wp-json\/wp\/v2\/comments?post=10926"}],"version-history":[{"count":0,"href":"https:\/\/www.llobetregals.com\/es\/wp-json\/wp\/v2\/posts\/10926\/revisions"}],"wp:featuredmedia":[{"embeddable":true,"href":"https:\/\/www.llobetregals.com\/es\/wp-json\/wp\/v2\/media\/10648"}],"wp:attachment":[{"href":"https:\/\/www.llobetregals.com\/es\/wp-json\/wp\/v2\/media?parent=10926"}],"wp:term":[{"taxonomy":"category","embeddable":true,"href":"https:\/\/www.llobetregals.com\/es\/wp-json\/wp\/v2\/categories?post=10926"},{"taxonomy":"post_tag","embeddable":true,"href":"https:\/\/www.llobetregals.com\/es\/wp-json\/wp\/v2\/tags?post=10926"}],"curies":[{"name":"wp","href":"https:\/\/api.w.org\/{rel}","templated":true}]}}